{"id":1133,"date":"2013-07-12T10:10:25","date_gmt":"2013-07-12T07:10:25","guid":{"rendered":"http:\/\/www.selcukpehlivanoglu.com\/?p=1133"},"modified":"2013-07-12T10:10:25","modified_gmt":"2013-07-12T07:10:25","slug":"basin-duyurusu","status":"publish","type":"post","link":"http:\/\/www.selcukpehlivanoglu.com\/?p=1133","title":{"rendered":"BASIN DUYURUSU"},"content":{"rendered":"<p>T\u00fcrk E\u011fitim Derne\u011fi, Mustafa Kemal ATAT\u00dcRK\u2019\u00fcn talimat\u0131 ile 1928 y\u0131l\u0131nda kurulmu\u015f bir sivil toplum \u00f6rg\u00fct\u00fcd\u00fcr.<\/p>\n<p>Kurulu\u015f tarihinden bu yana, t\u00fcm yurt sath\u0131nda on binlerce \u00f6\u011frencisi olan TED Okullar\u0131nda okuyacak, ihtiya\u00e7 sahibi ve ba\u015far\u0131l\u0131 \u00e7ocuklara kar\u015f\u0131l\u0131ks\u0131z \u00f6\u011fretim ve e\u011fitimleri s\u00fcresince ge\u00e7erli olacak \u015fekilde tam e\u011fitim bursu sa\u011flamaktad\u0131r. 2013 &#8211; 2014 e\u011fitim y\u0131l\u0131na ili\u015fkin olmak \u00fczere de burs s\u0131nav\u0131 yap\u0131lm\u0131\u015f ve bu s\u0131nava 14.235 \u00f6\u011frenci kat\u0131lm\u0131\u015ft\u0131r. Yaz\u0131l\u0131 s\u0131navda ba\u015far\u0131l\u0131 olan ba\u015fvuru sahiplerinin, burs komisyonumuzun \u00fcyeleri taraf\u0131ndan sosyal ve ekonomik durumlar\u0131n\u0131n tespiti i\u00e7in evleri ziyaret edilmi\u015f ve neticeleri komisyon karar\u0131na ba\u011flanarak, Y\u00f6netim Kurulu onay\u0131na sunulmu\u015ftur. Ekte \u00f6rnekleri sunulan Y\u00f6netim Kurulu ve Komisyon kararlar\u0131ndan da anla\u015f\u0131laca\u011f\u0131 \u00fczere, bas\u0131nda ad\u0131 yer alan \u00f6\u011frencimize burs sa\u011fland\u0131\u011f\u0131na dair herhangi bir karar\u0131m\u0131z yoktur. Hal b\u00f6yle iken Cumhuriyet ile ya\u015f\u0131t \u00e7a\u011fda\u015f bir kurumu y\u0131pratabilecek haberlerin ger\u00e7ekle ili\u015fkisi yoktur. Kald\u0131 ki, 85 y\u0131ll\u0131k kurum ge\u00e7mi\u015finde burs sa\u011flanmas\u0131na ili\u015fkin hi\u00e7bir ayr\u0131mc\u0131l\u0131k ve kay\u0131rma yap\u0131lmam\u0131\u015ft\u0131r. Bundan sonra da b\u00f6yle devam edece\u011finden kimsenin ku\u015fkusu olmamal\u0131d\u0131r.<\/p>\n<p>T\u00fcm bunlar\u0131n yan\u0131 s\u0131ra, TED Ankara Koleji\u2019nde 12. S\u0131n\u0131fa ge\u00e7me hakk\u0131n\u0131 elde eden Mehmet DAVUTO\u011eLU, okulumuzdaki \u00f6\u011fretim hayat\u0131 boyunca t\u00fcm \u00f6\u011fretim giderlerini banka hesab\u0131na yat\u0131rm\u0131\u015f olup, 12.s\u0131n\u0131f kayd\u0131n\u0131 hen\u00fcz yenilememi\u015ftir ve faturalar\u0131 ekte bilgilerinize iletilmektedir.<\/p>\n<p>Kamuoyuna sayg\u0131 ile sunulmu\u015ftur.<\/p>\n<p>T\u00dcRK E\u011e\u0130T\u0130M DERNE\u011e\u0130<br \/>\nY\u00d6NET\u0130M KURULU<\/p>\n<p>Ek1: Komisyon Karar\u0131*<br \/>\nEk2: Y\u00f6netim Kurulu Karar\u0131*<br \/>\nEk3: Fatura belgeleri*<br \/>\n*S\u00f6z konusu belgelere a\u015fa\u011f\u0131daki adreslerden ula\u015fabilirsiniz.<br \/>\n<a href=\"http:\/\/www.ted.org.tr\/TR\/Genel\/BelgeGoster.aspx?F6E10F8892433CFFA79D6F5E6C1B43FF2DC6FC5ED6BAADC0\">http:\/\/www.ted.org.tr\/TR\/Genel\/BelgeGoster.aspx?F6E10F8892433CFFA79D6F5E6C1B43FF2DC6FC5ED6BAADC0<\/a><\/p>\n<p><a href=\"http:\/\/www.marjinal.com.tr\/download\/ted_basin_aciklamasi.zip\">http:\/\/www.marjinal.com.tr\/download\/ted_basin_aciklamasi.zip<\/a><\/p>\n","protected":false},"excerpt":{"rendered":"<p>T\u00fcrk E\u011fitim Derne\u011fi, Mustafa Kemal ATAT\u00dcRK\u2019\u00fcn talimat\u0131 ile 1928 y\u0131l\u0131nda kurulmu\u015f bir sivil toplum \u00f6rg\u00fct\u00fcd\u00fcr. Kurulu\u015f tarihinden bu yana, t\u00fcm yurt sath\u0131nda on binlerce \u00f6\u011frencisi olan TED Okullar\u0131nda okuyacak, ihtiya\u00e7 sahibi ve ba\u015far\u0131l\u0131 \u00e7ocuklara kar\u015f\u0131l\u0131ks\u0131z \u00f6\u011fretim ve e\u011fitimleri s\u00fcresince ge\u00e7erli olacak \u015fekilde tam e\u011fitim bursu sa\u011flamaktad\u0131r. 2013 &#8211; 2014 e\u011fitim y\u0131l\u0131na ili\u015fkin olmak \u00fczere de [&hellip;]<\/p>\n","protected":false},"author":1,"featured_media":0,"comment_status":"open","ping_status":"open","sticky":false,"template":"","format":"standard","meta":{"footnotes":""},"categories":[1],"tags":[44,52,98,133,148,213,230,253],"class_list":["post-1133","post","type-post","status-publish","format-standard","hentry","category-genel","tag-basin-duyurusu","tag-burs","tag-fatura-belgeleri","tag-komisyon-karari","tag-mehmet-davutoglu","tag-ted-ankara-koleji","tag-turk-egitim-dernegi","tag-yonetim-kurulu-karari"],"_links":{"self":[{"href":"http:\/\/www.selcukpehlivanoglu.com\/index.php?rest_route=\/wp\/v2\/posts\/1133","targetHints":{"allow":["GET"]}}],"collection":[{"href":"http:\/\/www.selcukpehlivanoglu.com\/index.php?rest_route=\/wp\/v2\/posts"}],"about":[{"href":"http:\/\/www.selcukpehlivanoglu.com\/index.php?rest_route=\/wp\/v2\/types\/post"}],"author":[{"embeddable":true,"href":"http:\/\/www.selcukpehlivanoglu.com\/index.php?rest_route=\/wp\/v2\/users\/1"}],"replies":[{"embeddable":true,"href":"http:\/\/www.selcukpehlivanoglu.com\/index.php?rest_route=%2Fwp%2Fv2%2Fcomments&post=1133"}],"version-history":[{"count":0,"href":"http:\/\/www.selcukpehlivanoglu.com\/index.php?rest_route=\/wp\/v2\/posts\/1133\/revisions"}],"wp:attachment":[{"href":"http:\/\/www.selcukpehlivanoglu.com\/index.php?rest_route=%2Fwp%2Fv2%2Fmedia&parent=1133"}],"wp:term":[{"taxonomy":"category","embeddable":true,"href":"http:\/\/www.selcukpehlivanoglu.com\/index.php?rest_route=%2Fwp%2Fv2%2Fcategories&post=1133"},{"taxonomy":"post_tag","embeddable":true,"href":"http:\/\/www.selcukpehlivanoglu.com\/index.php?rest_route=%2Fwp%2Fv2%2Ftags&post=1133"}],"curies":[{"name":"wp","href":"https:\/\/api.w.org\/{rel}","templated":true}]}}