{"id":1045,"date":"2013-04-29T14:28:15","date_gmt":"2013-04-29T11:28:15","guid":{"rendered":"http:\/\/www.selcukpehlivanoglu.com\/?p=1045"},"modified":"2013-04-29T14:28:15","modified_gmt":"2013-04-29T11:28:15","slug":"turk-egitim-dernegi-iii-uluslararasi-egitim-forumunda-egitim-siyasetini-masaya-yatirdi","status":"publish","type":"post","link":"http:\/\/www.selcukpehlivanoglu.com\/?p=1045","title":{"rendered":"T\u00fcrk E\u011fitim Derne\u011fi, III. Uluslararas\u0131 E\u011fitim Forumu\u2019nda \u2018E\u011fitim Siyaseti\u2019ni masaya yat\u0131rd\u0131!"},"content":{"rendered":"<p>Farkl\u0131 \u00fclkelerden farkl\u0131 bireylerin bak\u0131\u015f a\u00e7\u0131lar\u0131yla, yerel ve k\u00fcresel anlamda e\u011fitim siyasetine ele\u015ftirel bir yakla\u015f\u0131m getirmek \u00fczere 27\u201328 Nisan 2013 tarihlerinde d\u00fczenlenen \u201cE\u011fitim Siyaseti Nedir?\u201d konulu III. Uluslararas\u0131 E\u011fitim Forumu \u00e7ok say\u0131da \u00fclkeden temsilcilerin kat\u0131l\u0131m\u0131yla ilgi \u00e7ekici tart\u0131\u015fmalara sahne oldu.<br \/>\n<!--more--><\/p>\n<p>T\u00fcrk E\u011fitim Derne\u011fi, okul \u00f6ncesinden y\u00fcksek \u00f6\u011fretime kadar t\u00fcm seviyelerde yapt\u0131\u011f\u0131 e\u011fitim \u00e7al\u0131\u015fmalar\u0131n\u0131n yan\u0131 s\u0131ra d\u00fczenledi\u011fi Uluslararas\u0131 E\u011fitim Forumlar\u0131 ile, d\u00fcnyadan ve \u00fclkemizden liderlerin, siyaset\u00e7ilerin ve e\u011fitimcilerin farkl\u0131 konular\u0131 ele ald\u0131klar\u0131 bir platform olu\u015fturuyor. Bu y\u0131l T.C. Milli E\u011fitim Bakan\u0131 Prof. Dr. Nabi AVCI\u2019n\u0131n kat\u0131l\u0131m\u0131yla d\u00fczenlenen etkinlikte, T\u00fcrkiye ve d\u00fcnyada e\u011fitim-siyaset ili\u015fkisi, \u00e7e\u015fitli \u00fclkelerde s\u0131\u00e7rama yaratan e\u011fitim politikalar\u0131n\u0131n arkas\u0131nda yatan stratejiler ve siyaset\u00e7ilerin rol\u00fc, farkl\u0131 siyasi partilerin ulusal bir e\u011fitim politikas\u0131 olu\u015fturma stratejileri, e\u011fitimin taraflar\u0131n\u0131n e\u011fitim politikalar\u0131 alg\u0131s\u0131 gibi konular konu\u015fuldu.<\/p>\n<p><a href=\"http:\/\/www.selcukpehlivanoglu.com\/wp-content\/uploads\/2013\/04\/genel_gorunum1.jpg\"><img loading=\"lazy\" decoding=\"async\" class=\"alignnone size-large wp-image-1059\" title=\"genel_gorunum\" src=\"http:\/\/www.selcukpehlivanoglu.com\/wp-content\/uploads\/2013\/04\/genel_gorunum1-1024x682.jpg\" alt=\"\" width=\"528\" height=\"351\" \/><\/a><a href=\"http:\/\/www.selcukpehlivanoglu.com\/wp-content\/uploads\/2013\/04\/genel_gorunum.jpg\"><br \/>\n<\/a><br \/>\nForum\u2019un di\u011fer kat\u0131l\u0131mc\u0131lar\u0131 aras\u0131nda, T.C. Cumhurba\u015fkanl\u0131\u011f\u0131 Genel Sekreteri Prof. Dr. Mustafa \u0130sen, \u00c7in Halk Cumhuriyeti E\u011fitim Bakanl\u0131\u011f\u0131 Ulusal E\u011fitim Reformlar\u0131 ve Ara\u015ft\u0131rma Merkezi Direkt\u00f6r\u00fc Yinfu Yang, Avrupa Parlamentosu Parlamenteri Katar\u00edna NEVE\u010eALOV\u00c1, Bush D\u00f6nemi E\u011fitim Bakan Yard\u0131mc\u0131s\u0131, Brookings Enstit\u00fcs\u00fc E\u011fitim Politikas\u0131 Direkt\u00f6r\u00fc Grover (Russ) WHITEHURST, T.B.M.M. Eski Ba\u015fkan\u0131 Hikmet \u00c7ET\u0130N, Devlet Eski Bakan\u0131 T\u0131naz T\u0130T\u0130Z, Milletvekili Fikri I\u015eIK, Milletvekili Prof. Dr. Nur SERTER, Milletvekili Prof. Dr. \u00d6zcan YEN\u0130\u00c7ER\u0130\u2019nin yan\u0131 s\u0131ra Taha AKYOL, Sedat ERG\u0130N, Bal\u00e7i\u00e7ek \u0130LTER, Okan M\u00dcDERR\u0130SO\u011eLU, Muharrem SARIKAYA, Murat YETK\u0130N gibi deneyimli isimler yer ald\u0131.<\/p>\n<p><a href=\"http:\/\/www.selcukpehlivanoglu.com\/wp-content\/uploads\/2013\/04\/tahaakyol_fikriisik_fatmanurserter_ozcanyeniceri1.jpg\"><img loading=\"lazy\" decoding=\"async\" class=\"alignnone size-medium wp-image-1067\" title=\"tahaakyol_fikriisik_fatmanurserter_ozcanyeniceri\" src=\"http:\/\/www.selcukpehlivanoglu.com\/wp-content\/uploads\/2013\/04\/tahaakyol_fikriisik_fatmanurserter_ozcanyeniceri1-300x200.jpg\" alt=\"\" width=\"300\" height=\"200\" \/><\/a><\/p>\n<p>Bu sene, T\u00fcrk E\u011fitim Derne\u011fi\u2019nin veriye dayal\u0131 e\u011fitim politikalar\u0131 \u00fcretmek ve yaymak amac\u0131yla kurmu\u015f oldu\u011fu TEDMEM\u2019in koordinasyonunda d\u00fczenlenen etkinlik serisinde e\u011fitime dair g\u00fcndem konular\u0131 uzmanlar taraf\u0131ndan masaya yat\u0131r\u0131l\u0131yor.<\/p>\n<p>Daha fazla bilgi i\u00e7in: http:\/\/egitimsiyasetinedir.ted.org.tr<\/p>\n<p><a href=\"http:\/\/www.selcukpehlivanoglu.com\/wp-content\/uploads\/2013\/04\/selcuk_pehlivanoglu1.jpg\"><img loading=\"lazy\" decoding=\"async\" class=\"alignnone size-medium wp-image-1060\" title=\"selcuk_pehlivanoglu\" src=\"http:\/\/www.selcukpehlivanoglu.com\/wp-content\/uploads\/2013\/04\/selcuk_pehlivanoglu1-200x300.jpg\" alt=\"\" width=\"200\" height=\"300\" \/><\/a> <a href=\"http:\/\/www.selcukpehlivanoglu.com\/wp-content\/uploads\/2013\/04\/grover_whitehurst.jpg\"><img loading=\"lazy\" decoding=\"async\" class=\"alignnone size-medium wp-image-1052\" title=\"grover_whitehurst\" src=\"http:\/\/www.selcukpehlivanoglu.com\/wp-content\/uploads\/2013\/04\/grover_whitehurst-200x300.jpg\" alt=\"\" width=\"200\" height=\"300\" \/><\/a><\/p>\n<p><a href=\"http:\/\/www.selcukpehlivanoglu.com\/wp-content\/uploads\/2013\/04\/mustafa_isen1.jpg\"><img loading=\"lazy\" decoding=\"async\" class=\"size-medium wp-image-1061 alignleft\" title=\"mustafa_isen\" src=\"http:\/\/www.selcukpehlivanoglu.com\/wp-content\/uploads\/2013\/04\/mustafa_isen1-200x300.jpg\" alt=\"\" width=\"200\" height=\"300\" \/><\/a><\/p>\n","protected":false},"excerpt":{"rendered":"<p>Farkl\u0131 \u00fclkelerden farkl\u0131 bireylerin bak\u0131\u015f a\u00e7\u0131lar\u0131yla, yerel ve k\u00fcresel anlamda e\u011fitim siyasetine ele\u015ftirel bir yakla\u015f\u0131m getirmek \u00fczere 27\u201328 Nisan 2013 tarihlerinde d\u00fczenlenen \u201cE\u011fitim Siyaseti Nedir?\u201d konulu III. Uluslararas\u0131 E\u011fitim Forumu \u00e7ok say\u0131da \u00fclkeden temsilcilerin kat\u0131l\u0131m\u0131yla ilgi \u00e7ekici tart\u0131\u015fmalara sahne oldu.<\/p>\n","protected":false},"author":1,"featured_media":0,"comment_status":"open","ping_status":"open","sticky":false,"template":"","format":"standard","meta":{"footnotes":""},"categories":[4],"tags":[88,89,190,211,222,230,238],"class_list":["post-1045","post","type-post","status-publish","format-standard","hentry","category-konusmalar","tag-egitim-siyaseti","tag-egitim-siyaseti-nedir","tag-selcuk-pehlivanoglu","tag-ted","tag-tedmem","tag-turk-egitim-dernegi","tag-uluslararasi-egitim-forumlari"],"_links":{"self":[{"href":"http:\/\/www.selcukpehlivanoglu.com\/index.php?rest_route=\/wp\/v2\/posts\/1045","targetHints":{"allow":["GET"]}}],"collection":[{"href":"http:\/\/www.selcukpehlivanoglu.com\/index.php?rest_route=\/wp\/v2\/posts"}],"about":[{"href":"http:\/\/www.selcukpehlivanoglu.com\/index.php?rest_route=\/wp\/v2\/types\/post"}],"author":[{"embeddable":true,"href":"http:\/\/www.selcukpehlivanoglu.com\/index.php?rest_route=\/wp\/v2\/users\/1"}],"replies":[{"embeddable":true,"href":"http:\/\/www.selcukpehlivanoglu.com\/index.php?rest_route=%2Fwp%2Fv2%2Fcomments&post=1045"}],"version-history":[{"count":0,"href":"http:\/\/www.selcukpehlivanoglu.com\/index.php?rest_route=\/wp\/v2\/posts\/1045\/revisions"}],"wp:attachment":[{"href":"http:\/\/www.selcukpehlivanoglu.com\/index.php?rest_route=%2Fwp%2Fv2%2Fmedia&parent=1045"}],"wp:term":[{"taxonomy":"category","embeddable":true,"href":"http:\/\/www.selcukpehlivanoglu.com\/index.php?rest_route=%2Fwp%2Fv2%2Fcategories&post=1045"},{"taxonomy":"post_tag","embeddable":true,"href":"http:\/\/www.selcukpehlivanoglu.com\/index.php?rest_route=%2Fwp%2Fv2%2Ftags&post=1045"}],"curies":[{"name":"wp","href":"https:\/\/api.w.org\/{rel}","templated":true}]}}